{"id":5898,"date":"2022-04-15T23:20:58","date_gmt":"2022-04-15T21:20:58","guid":{"rendered":"http:\/\/sionhegye.com\/wp\/?p=5898"},"modified":"2022-04-15T23:20:58","modified_gmt":"2022-04-15T21:20:58","slug":"2022-04-15-pentek","status":"publish","type":"post","link":"https:\/\/sionhegye.com\/wp\/2022-04-15-pentek\/","title":{"rendered":"2022.04.15. P\u00e9ntek"},"content":{"rendered":"<p><strong>M\u00e1t\u00e9 Evang\u00e9liuma 27:50-51<\/strong><br \/>\n\u201eJ\u00e9zus pedig ism\u00e9t nagy fensz\u00f3val ki\u00e1ltv\u00e1n, kiad\u00e1 lelk\u00e9t. \u00c9s \u00edm\u00e9 a templom k\u00e1rp\u00edtja f\u00f6l\u00e9t\u0151l alj\u00e1ig kett\u00e9 hasada; \u00e9s a f\u00f6ld megindula, \u00e9s a k\u0151szikl\u00e1k megrepedez\u00e9nek.\u201d<\/p>\n<p><strong>1960.09.25. \u2013 Az a nap a Golgot\u00e1n<\/strong><br \/>\nAz \u00e1r ki lett fizetve, S\u00e1t\u00e1n rabs\u00e1ga megt\u00f6rt. Isten visszahelyezte az ember kez\u00e9be a visszavezet\u0151 utat, amit keresett. Nem kellett t\u00f6bb\u00e9 s\u00edrnia. Ott a Golgot\u00e1n \u0150 egy \u00fct\u00e9ssel elt\u00f6rte S\u00e1t\u00e1n gerinc\u00e9t, a b\u0171n \u00e9s betegs\u00e9g gerinc\u00e9t! \u00c9s ez a f\u00f6ld\u00f6n minden haland\u00f3t Isten Jelenl\u00e9t\u00e9be visz vissza, a megbocs\u00e1tott b\u0171nnel. Halleluja! Megbocs\u00e1tattak a b\u0171neink! S\u00e1t\u00e1n t\u00f6bb\u00e9 nem tud minket elz\u00e1rni Istent\u0151l.<br \/>\nEgy f\u0151\u00fat k\u00e9sz\u00fclt. Van egy telefonvonal a dics\u0151s\u00e9gbe, ami minden szem\u00e9ly sz\u00e1m\u00e1ra el\u00e9rhet\u0151v\u00e9 v\u00e1lt. Ha egy ember tele van b\u0171nnel \u00e9s becsatlakozik a K\u00f6zpontba, megbocs\u00e1t\u00e1st kaphat a b\u0171neire. Nem csak ez, de ki lett fizetve a b\u0171n. \u00d3! Nem kell azt mondanod: \u201eNem vagyok m\u00e9lt\u00f3.\u201d Persze, nem vagy az, soha nem is tudt\u00e1l volna m\u00e9lt\u00f3 lenni. De egy m\u00e9lt\u00f3 Szem\u00e9ly \u00e1tvette a helyedet. Szabad vagy. Nem kell t\u00f6bb\u00e9 k\u00f3borolnod. Nem kell egy f\u00f6ldi \u00e9lvezeteket keres\u0151 embernek lenned.<\/p>\n","protected":false},"excerpt":{"rendered":"<p>M\u00e1t\u00e9 Evang\u00e9liuma 27:50-51 \u201eJ\u00e9zus pedig ism\u00e9t nagy fensz\u00f3val ki\u00e1ltv\u00e1n, kiad\u00e1 lelk\u00e9t. \u00c9s \u00edm\u00e9 a templom k\u00e1rp\u00edtja f\u00f6l\u00e9t\u0151l alj\u00e1ig kett\u00e9 hasada; \u00e9s a f\u00f6ld megindula, \u00e9s a k\u0151szikl\u00e1k megrepedez\u00e9nek.\u201d 1960.09.25. \u2013&#8230; <a href=\"https:\/\/sionhegye.com\/wp\/2022-04-15-pentek\/\">Read more &raquo;<\/a><\/p>\n","protected":false},"author":1,"featured_media":0,"comment_status":"open","ping_status":"closed","sticky":false,"template":"","format":"standard","meta":[],"categories":[331],"tags":[],"_links":{"self":[{"href":"https:\/\/sionhegye.com\/wp\/wp-json\/wp\/v2\/posts\/5898"}],"collection":[{"href":"https:\/\/sionhegye.com\/wp\/wp-json\/wp\/v2\/posts"}],"about":[{"href":"https:\/\/sionhegye.com\/wp\/wp-json\/wp\/v2\/types\/post"}],"author":[{"embeddable":true,"href":"https:\/\/sionhegye.com\/wp\/wp-json\/wp\/v2\/users\/1"}],"replies":[{"embeddable":true,"href":"https:\/\/sionhegye.com\/wp\/wp-json\/wp\/v2\/comments?post=5898"}],"version-history":[{"count":2,"href":"https:\/\/sionhegye.com\/wp\/wp-json\/wp\/v2\/posts\/5898\/revisions"}],"predecessor-version":[{"id":5900,"href":"https:\/\/sionhegye.com\/wp\/wp-json\/wp\/v2\/posts\/5898\/revisions\/5900"}],"wp:attachment":[{"href":"https:\/\/sionhegye.com\/wp\/wp-json\/wp\/v2\/media?parent=5898"}],"wp:term":[{"taxonomy":"category","embeddable":true,"href":"https:\/\/sionhegye.com\/wp\/wp-json\/wp\/v2\/categories?post=5898"},{"taxonomy":"post_tag","embeddable":true,"href":"https:\/\/sionhegye.com\/wp\/wp-json\/wp\/v2\/tags?post=5898"}],"curies":[{"name":"wp","href":"https:\/\/api.w.org\/{rel}","templated":true}]}}