{"id":5852,"date":"2022-04-02T09:08:51","date_gmt":"2022-04-02T07:08:51","guid":{"rendered":"http:\/\/sionhegye.com\/wp\/?p=5852"},"modified":"2022-04-02T09:08:51","modified_gmt":"2022-04-02T07:08:51","slug":"2022-04-01-pentek","status":"publish","type":"post","link":"https:\/\/sionhegye.com\/wp\/2022-04-01-pentek\/","title":{"rendered":"2022.04.01. P\u00e9ntek"},"content":{"rendered":"<p><strong>I P\u00e9ter 1:2<\/strong><br \/>\n\u201eKiv\u00e1lasztva az Atya Isten el\u0151re tud\u00e1sa \u00e1ltal a Szellem megszentel\u00e9s\u00e9n kereszt\u00fcl engedelmess\u00e9gre \u00e9s J\u00e9zus Krisztus v\u00e9r\u00e9nek meghint\u00e9se \u00e1ltal.\u201d<\/p>\n<p><strong>1953.03.27. \u2013 Izrael \u00e9s a gy\u00fclekezet 3. r\u00e9sz<\/strong><br \/>\nAz \u00c9denkertben, amikor az ember r\u00e1d\u00f6bbent, hogy v\u00e9tkezett, megpr\u00f3b\u00e1lt k\u00e9sz\u00edteni mag\u00e1nak egy vall\u00e1st, egy eltakar\u00e1st. Az a sz\u00f3, hova vall\u00e1s, azt jelenti, hogy \u201eeltakar\u00e1s.\u201d \u00c9s \u00c1d\u00e1m \u00e9s \u00c9va f\u00fcgeleveleket varrtak \u00f6ssze, \u00e9s k\u00e9sz\u00edtettek maguknak egy vall\u00e1st. \u00c9s az\u00f3ta ez volt az emberek t\u00f6rekv\u00e9se a korokon \u00e1t, megpr\u00f3b\u00e1lva tenni valamit, hogy megments\u00e9k magukat.<br \/>\nDe ti kegyelem \u00e1ltal, kiv\u00e1laszt\u00e1s \u00e1ltal vagytok megmentve, Isten el\u0151re tud\u00e1sa, eleve elrendel\u00e9se \u00e9s v\u00e9gz\u00e9se alapj\u00e1n. P\u00e1l elmondja az Ef\u00e9zusi gy\u00fclekezetnek, hogy \u201eIsten eleve elrendelt minket Krisztusban a vil\u00e1g megalap\u00edt\u00e1sa el\u0151tt.\u201d Gondolj\u00e1tok el! Eleve elrendelt minket Krisztusban, a vil\u00e1g megalap\u00edt\u00e1sa el\u0151tt. Akkor mi\u00e9rt agg\u00f3dunk? Hagyjatok fel az aggodalommal, mi egyszer\u0171en csak a legboldogabb teremtm\u00e9nyek vagyunk, akiket valaha is l\u00e1tt\u00e1l! \u00d3, hogy hiheted ezt \u00fagy, hogy nem vagy boldog?<\/p>\n","protected":false},"excerpt":{"rendered":"<p>I P\u00e9ter 1:2 \u201eKiv\u00e1lasztva az Atya Isten el\u0151re tud\u00e1sa \u00e1ltal a Szellem megszentel\u00e9s\u00e9n kereszt\u00fcl engedelmess\u00e9gre \u00e9s J\u00e9zus Krisztus v\u00e9r\u00e9nek meghint\u00e9se \u00e1ltal.\u201d 1953.03.27. \u2013 Izrael \u00e9s a gy\u00fclekezet 3. r\u00e9sz Az&#8230; <a href=\"https:\/\/sionhegye.com\/wp\/2022-04-01-pentek\/\">Read more &raquo;<\/a><\/p>\n","protected":false},"author":1,"featured_media":0,"comment_status":"open","ping_status":"closed","sticky":false,"template":"","format":"standard","meta":[],"categories":[331],"tags":[],"_links":{"self":[{"href":"https:\/\/sionhegye.com\/wp\/wp-json\/wp\/v2\/posts\/5852"}],"collection":[{"href":"https:\/\/sionhegye.com\/wp\/wp-json\/wp\/v2\/posts"}],"about":[{"href":"https:\/\/sionhegye.com\/wp\/wp-json\/wp\/v2\/types\/post"}],"author":[{"embeddable":true,"href":"https:\/\/sionhegye.com\/wp\/wp-json\/wp\/v2\/users\/1"}],"replies":[{"embeddable":true,"href":"https:\/\/sionhegye.com\/wp\/wp-json\/wp\/v2\/comments?post=5852"}],"version-history":[{"count":2,"href":"https:\/\/sionhegye.com\/wp\/wp-json\/wp\/v2\/posts\/5852\/revisions"}],"predecessor-version":[{"id":5854,"href":"https:\/\/sionhegye.com\/wp\/wp-json\/wp\/v2\/posts\/5852\/revisions\/5854"}],"wp:attachment":[{"href":"https:\/\/sionhegye.com\/wp\/wp-json\/wp\/v2\/media?parent=5852"}],"wp:term":[{"taxonomy":"category","embeddable":true,"href":"https:\/\/sionhegye.com\/wp\/wp-json\/wp\/v2\/categories?post=5852"},{"taxonomy":"post_tag","embeddable":true,"href":"https:\/\/sionhegye.com\/wp\/wp-json\/wp\/v2\/tags?post=5852"}],"curies":[{"name":"wp","href":"https:\/\/api.w.org\/{rel}","templated":true}]}}