{"id":4900,"date":"2021-06-04T12:18:30","date_gmt":"2021-06-04T10:18:30","guid":{"rendered":"http:\/\/sionhegye.com\/wp\/?p=4900"},"modified":"2021-06-04T12:18:30","modified_gmt":"2021-06-04T10:18:30","slug":"2021-06-04-pentek","status":"publish","type":"post","link":"https:\/\/sionhegye.com\/wp\/2021-06-04-pentek\/","title":{"rendered":"2021.06.04. P\u00e9ntek"},"content":{"rendered":"<p><strong>1 M\u00f3zes 3:17<\/strong><br \/>\n\u201eAz embernek pedig monda: Mivelhogy hallgatt\u00e1l a te feles\u00e9ged szav\u00e1ra, \u00e9s ett\u00e9l arr\u00f3l a f\u00e1r\u00f3l, a melyr\u0151l azt parancsoltam, hogy ne egy\u00e9l arr\u00f3l: \u00c1tkozott legyen a f\u00f6ld te miattad, f\u00e1rads\u00e1gos munk\u00e1val \u00e9lj bel\u0151le \u00e9letednek minden napjaiban.\u201d<\/p>\n<p><strong>1965.02.17. \u2013 Egy ember, aki fut az \u00dar Jelenl\u00e9t\u00e9b\u0151l<\/strong><br \/>\nAz mindig \u00fagy volt. Az az emberben van, hogy kiker\u00fcli \u00e9s elmegy Istent\u0151l, eg\u00e9szen \u00c1d\u00e1m \u00f3ta, az \u00c9denkertt\u0151l. Amikor \u00c1d\u00e1m az \u00c9denkertben volt, amikor eljutott a felel\u0151ss\u00e9gig, hogy megtegye a v\u00e1laszt\u00e1s\u00e1t, Istennel marad, vagy a feles\u00e9g\u00e9vel megy. Meg kellett tennie, v\u00e1llalnia kellett a felel\u0151ss\u00e9get, az t\u0151le f\u00fcgg\u00f6tt. Vagy azt vette, amit a feles\u00e9ge mondott, vagy amit Isten mondott. \u00c9s amikor azt v\u00e1lasztotta, hogy a feles\u00e9ge \u00fatj\u00e1n megy, amikor azt tette, akkor elvesztette az eredeti \u00e1llapot\u00e1t. \u00c9s az eg\u00e9sz vil\u00e1got a hal\u00e1l al\u00e1 vetette, amikor v\u00e1llalnia kellett, hogy vagy elfogadja az \u00faj vil\u00e1goss\u00e1got, amit a feles\u00e9ge tal\u00e1lt, ami ellent\u00e9tes volt.<br \/>\n\u00d3, Istenem! Gondoljatok bele! Isten neki csak \u00fagy nyolc vagy t\u00edz Sz\u00f3t [angolul: Ige] adott, hogy megtarts\u00e1k. \u201eDe arr\u00f3l a f\u00e1r\u00f3l ne egyetek!\u201d Ez minden, amit meg kellett tartaniuk. \u00c9s m\u00e9g ennyi Sz\u00f3t is megt\u00f6rtek.<br \/>\nAzt\u00e1n \u00c1d\u00e1mnak szembe kellett n\u00e9zni: \u201eAzt fogom tenni, amit a feles\u00e9gem mondott, vagy azt tegyem, amit Isten mondott?\u201d \u00c9s ennek tudat\u00e1ban ment ki. V\u00e1llalnia kellett a felel\u0151ss\u00e9get. Az az eg\u00e9sz emberi fajt hal\u00e1lba vitte.<\/p>\n","protected":false},"excerpt":{"rendered":"<p>1 M\u00f3zes 3:17 \u201eAz embernek pedig monda: Mivelhogy hallgatt\u00e1l a te feles\u00e9ged szav\u00e1ra, \u00e9s ett\u00e9l arr\u00f3l a f\u00e1r\u00f3l, a melyr\u0151l azt parancsoltam, hogy ne egy\u00e9l arr\u00f3l: \u00c1tkozott legyen a f\u00f6ld&#8230; <a href=\"https:\/\/sionhegye.com\/wp\/2021-06-04-pentek\/\">Read more &raquo;<\/a><\/p>\n","protected":false},"author":1,"featured_media":0,"comment_status":"open","ping_status":"closed","sticky":false,"template":"","format":"standard","meta":[],"categories":[331],"tags":[],"_links":{"self":[{"href":"https:\/\/sionhegye.com\/wp\/wp-json\/wp\/v2\/posts\/4900"}],"collection":[{"href":"https:\/\/sionhegye.com\/wp\/wp-json\/wp\/v2\/posts"}],"about":[{"href":"https:\/\/sionhegye.com\/wp\/wp-json\/wp\/v2\/types\/post"}],"author":[{"embeddable":true,"href":"https:\/\/sionhegye.com\/wp\/wp-json\/wp\/v2\/users\/1"}],"replies":[{"embeddable":true,"href":"https:\/\/sionhegye.com\/wp\/wp-json\/wp\/v2\/comments?post=4900"}],"version-history":[{"count":2,"href":"https:\/\/sionhegye.com\/wp\/wp-json\/wp\/v2\/posts\/4900\/revisions"}],"predecessor-version":[{"id":4902,"href":"https:\/\/sionhegye.com\/wp\/wp-json\/wp\/v2\/posts\/4900\/revisions\/4902"}],"wp:attachment":[{"href":"https:\/\/sionhegye.com\/wp\/wp-json\/wp\/v2\/media?parent=4900"}],"wp:term":[{"taxonomy":"category","embeddable":true,"href":"https:\/\/sionhegye.com\/wp\/wp-json\/wp\/v2\/categories?post=4900"},{"taxonomy":"post_tag","embeddable":true,"href":"https:\/\/sionhegye.com\/wp\/wp-json\/wp\/v2\/tags?post=4900"}],"curies":[{"name":"wp","href":"https:\/\/api.w.org\/{rel}","templated":true}]}}