{"id":4326,"date":"2021-01-02T23:36:35","date_gmt":"2021-01-02T22:36:35","guid":{"rendered":"http:\/\/sionhegye.com\/wp\/?p=4326"},"modified":"2021-01-02T23:36:35","modified_gmt":"2021-01-02T22:36:35","slug":"2021-01-02-szombat","status":"publish","type":"post","link":"https:\/\/sionhegye.com\/wp\/2021-01-02-szombat\/","title":{"rendered":"2021.01.02. Szombat"},"content":{"rendered":"<p><strong>II Korinthus 4:2<\/strong><br \/>\n\u201e\u2026hanem az igazs\u00e1g bemutat\u00e1s\u00e1val aj\u00e1nljuk magunkat minden ember lelkiismeret\u00e9nek Isten sz\u00edne el\u0151tt.\u201d<\/p>\n<p><strong>1950.01.15. \u2013 Hiszed-e ezt?<\/strong><br \/>\nEgy nap amikor az els\u0151 \u00f6sszej\u00f6vetelem volt a szents\u00e9g h\u00edv\u0151kkel, St. Louisban voltam \u00e9s tal\u00e1lkoztam Robert Daugherty tiszteletessel. \u00c9s \u0151 egy s\u00e1toros \u00f6sszej\u00f6vetelen volt. Odamentem aznap este, \u00e9s a kisl\u00e1nya \u00e9ppen akkor gy\u00f3gyult meg. K\u00f6zz\u00e9tett\u00e9k a bizonys\u00e1g\u00e1t ott.<br \/>\n\u00c9s elvitt engem az \u00f6sszej\u00f6vetelre, ahol \u00e9ppen zajlott. Felment oda, \u00e9s elkezdett pr\u00e9dik\u00e1lni, \u00e9s el\u0151sz\u00f6r hallottam akkor p\u00fcnk\u00f6sdi pr\u00e9dik\u00e1tort pr\u00e9dik\u00e1lni. Az a fi\u00fa \u00fagy pr\u00e9dik\u00e1lt, hogy a t\u00e9rdei \u00f6sszecsuklottak. Lement eg\u00e9szen a f\u00f6ldig \u00e9s kif\u00fajta mag\u00e1t. K\u00e9t sarokkal od\u00e9bb is hallottad, \u00fagy pr\u00e9dik\u00e1lt.<br \/>\nValaki megk\u00e9rdezett: \u201eTe pr\u00e9dik\u00e1tor vagy?\u201d<br \/>\nAzt mondtam, \u201eNem, uram.\u201d Nem, nem. Az \u00e9n lass\u00fa baptista m\u00f3domon nem gondolom, hogy az vagyok. Ez minden. \u00c9n csak\u2026 \u00c9n nem voltam pr\u00e9dik\u00e1tor, miut\u00e1n azt hallottam. Ez\u00e9rt csendben maradtam azut\u00e1n, a teljes evang\u00e9liumi emberek k\u00f6z\u00f6tt, hogy \u00e9n pr\u00e9dik\u00e1tor lenn\u00e9k. Csak \u00fagy hagytam. Azt mondtam, \u201eNem, \u00e9n a betegek\u00e9rt im\u00e1dkozom.\u201d Maradjunk annyiban.<br \/>\nDe nagyon szeretek elj\u00f6nni egy ilyen napon, megpr\u00f3b\u00e1lva olvasni az Ig\u00e9b\u0151l, \u00e9s elmagyar\u00e1zni azt a legjobb tud\u00e1som szerint; mert\u2026 Hiszem, hogy az az igazs\u00e1g. Isten minden Szava igazs\u00e1g.<\/p>\n","protected":false},"excerpt":{"rendered":"<p>II Korinthus 4:2 \u201e\u2026hanem az igazs\u00e1g bemutat\u00e1s\u00e1val aj\u00e1nljuk magunkat minden ember lelkiismeret\u00e9nek Isten sz\u00edne el\u0151tt.\u201d 1950.01.15. \u2013 Hiszed-e ezt? Egy nap amikor az els\u0151 \u00f6sszej\u00f6vetelem volt a szents\u00e9g h\u00edv\u0151kkel, St&#8230;. <a href=\"https:\/\/sionhegye.com\/wp\/2021-01-02-szombat\/\">Read more &raquo;<\/a><\/p>\n","protected":false},"author":1,"featured_media":0,"comment_status":"open","ping_status":"closed","sticky":false,"template":"","format":"standard","meta":[],"categories":[331],"tags":[],"_links":{"self":[{"href":"https:\/\/sionhegye.com\/wp\/wp-json\/wp\/v2\/posts\/4326"}],"collection":[{"href":"https:\/\/sionhegye.com\/wp\/wp-json\/wp\/v2\/posts"}],"about":[{"href":"https:\/\/sionhegye.com\/wp\/wp-json\/wp\/v2\/types\/post"}],"author":[{"embeddable":true,"href":"https:\/\/sionhegye.com\/wp\/wp-json\/wp\/v2\/users\/1"}],"replies":[{"embeddable":true,"href":"https:\/\/sionhegye.com\/wp\/wp-json\/wp\/v2\/comments?post=4326"}],"version-history":[{"count":2,"href":"https:\/\/sionhegye.com\/wp\/wp-json\/wp\/v2\/posts\/4326\/revisions"}],"predecessor-version":[{"id":4328,"href":"https:\/\/sionhegye.com\/wp\/wp-json\/wp\/v2\/posts\/4326\/revisions\/4328"}],"wp:attachment":[{"href":"https:\/\/sionhegye.com\/wp\/wp-json\/wp\/v2\/media?parent=4326"}],"wp:term":[{"taxonomy":"category","embeddable":true,"href":"https:\/\/sionhegye.com\/wp\/wp-json\/wp\/v2\/categories?post=4326"},{"taxonomy":"post_tag","embeddable":true,"href":"https:\/\/sionhegye.com\/wp\/wp-json\/wp\/v2\/tags?post=4326"}],"curies":[{"name":"wp","href":"https:\/\/api.w.org\/{rel}","templated":true}]}}