{"id":3602,"date":"2020-07-02T18:35:51","date_gmt":"2020-07-02T16:35:51","guid":{"rendered":"http:\/\/sionhegye.com\/wp\/?p=3602"},"modified":"2020-07-02T18:35:51","modified_gmt":"2020-07-02T16:35:51","slug":"2020-07-01-szerda","status":"publish","type":"post","link":"https:\/\/sionhegye.com\/wp\/2020-07-01-szerda\/","title":{"rendered":"2020.07.01. Szerda"},"content":{"rendered":"<p><strong>Luk\u00e1cs 10:27<\/strong><br \/>\n\u201e&#8230;szeresd az Urat, a te Istenedet teljes sz\u00edvedb\u0151l, teljes lelkedb\u0151l, teljes er\u0151db\u0151l, \u00e9s teljes elm\u00e9ddel\u2026\u201d<\/p>\n<p><strong>1957.08.25. \u2013 Zsid\u00f3k m\u00e1sodik fejezet 2. r\u00e9sz<\/strong><br \/>\nAz a szigor\u00fa, \u00f6reg pr\u00f3f\u00e9ta, az asszony szem\u00e9be n\u00e9zett \u00e9s \u00edgy sz\u00f3lt, \u201eMenj, \u00e9s nekem s\u00fcss egy pog\u00e1cs\u00e1t el\u0151sz\u00f6r!\u201d Micsoda felsz\u00f3l\u00edt\u00e1s, egy ember azt mondja egy \u00f6zvegyasszonynak, aki hal\u00e1lra \u00e9hezik, \u0151t etesse meg el\u0151sz\u00f6r. Mit mondott? \u201eMert \u00cdGY SZ\u00d3L AZ \u00daR, a v\u00e9ka sohasem fog ki\u00fcr\u00fclni, \u00e9s a kors\u00f3 kisz\u00e1radni, ameddig Isten es\u0151t nem k\u00fcld a f\u00f6ldre. El\u0151sz\u00f6r Isten. Bement \u00e9s megs\u00fct\u00f6tte azt a kis pog\u00e1cs\u00e1t, \u00e9s j\u00f6tt \u00e9s odaadta a pr\u00f3f\u00e9t\u00e1nak. Azt\u00e1n egyenesen visszament, \u00e9s s\u00fct\u00f6tt m\u00e9g egyet, \u00e9s m\u00e9g egyet, \u00e9s m\u00e9g egyet, \u00e9s m\u00e9g egyet. \u00c9s a v\u00e9ka soha nem \u00fcr\u00fclt ki, \u00e9s a kors\u00f3 soha nem sz\u00e1radt ki addig, am\u00edg Isten es\u0151t nem k\u00fcld\u00f6tt a f\u00f6ldre. \u0150 Istent a gyermekei el\u00e9 helyezte. Isten minden m\u00e1s el\u00e9 helyezte. Isten Kir\u00e1lys\u00e1g\u00e1t tette els\u0151 helyre.<br \/>\nKell, hogy Isten\u00e9 legyen az els\u0151 hely a sz\u00edvedben, az els\u0151 hely az \u00e9letedben, az els\u0151 hely mindenben, ami teszel, vagy ami vagy. Kell, hogy Isten legyen az els\u0151. \u0150 nem a m\u00e1sodik helyet akarja. \u0150 nem a m\u00e1sodik helyet \u00e9rdemli. \u0150 a legjobbat \u00e9rdemli \u00e9s a legels\u0151t \u00e9s mindent, amink csak van. Meg\u00e9rdemli. \u00c1ldott legyen az \u0150 szent Neve!<\/p>\n","protected":false},"excerpt":{"rendered":"<p>Luk\u00e1cs 10:27 \u201e&#8230;szeresd az Urat, a te Istenedet teljes sz\u00edvedb\u0151l, teljes lelkedb\u0151l, teljes er\u0151db\u0151l, \u00e9s teljes elm\u00e9ddel\u2026\u201d 1957.08.25. \u2013 Zsid\u00f3k m\u00e1sodik fejezet 2. r\u00e9sz Az a szigor\u00fa, \u00f6reg pr\u00f3f\u00e9ta, az&#8230; <a href=\"https:\/\/sionhegye.com\/wp\/2020-07-01-szerda\/\">Read more &raquo;<\/a><\/p>\n","protected":false},"author":1,"featured_media":0,"comment_status":"open","ping_status":"closed","sticky":false,"template":"","format":"standard","meta":[],"categories":[331],"tags":[],"_links":{"self":[{"href":"https:\/\/sionhegye.com\/wp\/wp-json\/wp\/v2\/posts\/3602"}],"collection":[{"href":"https:\/\/sionhegye.com\/wp\/wp-json\/wp\/v2\/posts"}],"about":[{"href":"https:\/\/sionhegye.com\/wp\/wp-json\/wp\/v2\/types\/post"}],"author":[{"embeddable":true,"href":"https:\/\/sionhegye.com\/wp\/wp-json\/wp\/v2\/users\/1"}],"replies":[{"embeddable":true,"href":"https:\/\/sionhegye.com\/wp\/wp-json\/wp\/v2\/comments?post=3602"}],"version-history":[{"count":2,"href":"https:\/\/sionhegye.com\/wp\/wp-json\/wp\/v2\/posts\/3602\/revisions"}],"predecessor-version":[{"id":3604,"href":"https:\/\/sionhegye.com\/wp\/wp-json\/wp\/v2\/posts\/3602\/revisions\/3604"}],"wp:attachment":[{"href":"https:\/\/sionhegye.com\/wp\/wp-json\/wp\/v2\/media?parent=3602"}],"wp:term":[{"taxonomy":"category","embeddable":true,"href":"https:\/\/sionhegye.com\/wp\/wp-json\/wp\/v2\/categories?post=3602"},{"taxonomy":"post_tag","embeddable":true,"href":"https:\/\/sionhegye.com\/wp\/wp-json\/wp\/v2\/tags?post=3602"}],"curies":[{"name":"wp","href":"https:\/\/api.w.org\/{rel}","templated":true}]}}