{"id":3596,"date":"2020-06-30T16:56:20","date_gmt":"2020-06-30T14:56:20","guid":{"rendered":"http:\/\/sionhegye.com\/wp\/?p=3596"},"modified":"2020-06-30T16:56:20","modified_gmt":"2020-06-30T14:56:20","slug":"2020-06-29-hetfo","status":"publish","type":"post","link":"https:\/\/sionhegye.com\/wp\/2020-06-29-hetfo\/","title":{"rendered":"2020.06.29. H\u00e9tf\u0151"},"content":{"rendered":"<p><strong>Jelen\u00e9sek 3:17<\/strong><br \/>\n\u201eMert azt mondod, gazdag vagyok, megn\u00f6vekedtem javakban, \u00e9s semmire nincs sz\u00fcks\u00e9gem; \u00e9s nem tudod, hogy te vagy a nyomorult, \u00e9s szeg\u00e9ny, \u00e9s vak \u00e9s mez\u00edtelen:\u201d<\/p>\n<p><strong>1961.02.09. \u2013 Jehovah Jireh<\/strong><br \/>\nAz egyik legsz\u00e1nalmasabb dolog, amit valaha is l\u00e1ttam a Bibli\u00e1ban, \u2013 amit a Biblia megj\u00f6vend\u00f6l, az ez a gy\u00fclekezeti kor. Ez a leges-legsz\u00f6rny\u0171bb gy\u00fclekezeti kor az \u00f6sszes gy\u00fclekezeti kor k\u00f6z\u00f6tt. Minden gy\u00fclekezeti kor\u2026 Figyelj\u00e9tek meg, a Jelen\u00e9sek-ben a Laodiciai, a p\u00fcnk\u00f6sdi gy\u00fclekezeti korban, hogy Krisztust kiz\u00e1rt\u00e1k a saj\u00e1t gy\u00fclekezet\u00e9b\u0151l, \u00e9s k\u00edv\u00fcl \u00e1ll, \u00e9s kopogtat, megpr\u00f3b\u00e1lva visszajutni a Saj\u00e1t gy\u00fclekezet\u00e9be. Na most, az \u00fagy n\u00e9z ki, mint egy h\u00edv\u00e1s a b\u0171n\u00f6s\u00f6k fel\u00e9, de az egy gy\u00fclekezeti kor, a Laodiciai kor. \u0150t kiz\u00e1rt\u00e1k a szervezetek \u00e9s ilyesmik. \u0150k kitett\u00e9k \u0150t, \u00e9s felvett\u00e9k a vil\u00e1g dolgait. \u00c9s \u0150 azt mondja, \u201eaz ajt\u00f3 el\u0151tt \u00e1llok, \u00e9s z\u00f6rgetek.\u201d Egy m\u00e1sik kor sem tette azt, hanem csak ez a korszak. Teh\u00e1t l\u00e1thatj\u00e1tok hol \u00e1llunk. B\u00e1rmelyik igazi, j\u00f3, szellemi elme megragadja ezt, \u00e9s felveszi, \u00e9s ezzel megy. (\u00c9rtitek?) Mert l\u00e1tj\u00e1tok, hol van ez.<br \/>\nNagyon, nagyon kevesen lesznek elv\u00edve ebb\u0151l a korb\u00f3l, amint tudjuk. Sok ember v\u00e1r nagy n\u00f6veked\u00e9st, ki\u00f6ntet\u00e9st \u00e9s ilyesmiket. Csak eml\u00e9kezzetek; jegyezz\u00e9tek fel azt a Bibli\u00e1tokban; ezt nem fogj\u00e1tok l\u00e1tni. Ez \u00cdGY SZ\u00d3L AZ \u00daR.<\/p>\n","protected":false},"excerpt":{"rendered":"<p>Jelen\u00e9sek 3:17 \u201eMert azt mondod, gazdag vagyok, megn\u00f6vekedtem javakban, \u00e9s semmire nincs sz\u00fcks\u00e9gem; \u00e9s nem tudod, hogy te vagy a nyomorult, \u00e9s szeg\u00e9ny, \u00e9s vak \u00e9s mez\u00edtelen:\u201d 1961.02.09. \u2013 Jehovah&#8230; <a href=\"https:\/\/sionhegye.com\/wp\/2020-06-29-hetfo\/\">Read more &raquo;<\/a><\/p>\n","protected":false},"author":1,"featured_media":0,"comment_status":"open","ping_status":"closed","sticky":false,"template":"","format":"standard","meta":[],"categories":[331],"tags":[351,431],"_links":{"self":[{"href":"https:\/\/sionhegye.com\/wp\/wp-json\/wp\/v2\/posts\/3596"}],"collection":[{"href":"https:\/\/sionhegye.com\/wp\/wp-json\/wp\/v2\/posts"}],"about":[{"href":"https:\/\/sionhegye.com\/wp\/wp-json\/wp\/v2\/types\/post"}],"author":[{"embeddable":true,"href":"https:\/\/sionhegye.com\/wp\/wp-json\/wp\/v2\/users\/1"}],"replies":[{"embeddable":true,"href":"https:\/\/sionhegye.com\/wp\/wp-json\/wp\/v2\/comments?post=3596"}],"version-history":[{"count":2,"href":"https:\/\/sionhegye.com\/wp\/wp-json\/wp\/v2\/posts\/3596\/revisions"}],"predecessor-version":[{"id":3598,"href":"https:\/\/sionhegye.com\/wp\/wp-json\/wp\/v2\/posts\/3596\/revisions\/3598"}],"wp:attachment":[{"href":"https:\/\/sionhegye.com\/wp\/wp-json\/wp\/v2\/media?parent=3596"}],"wp:term":[{"taxonomy":"category","embeddable":true,"href":"https:\/\/sionhegye.com\/wp\/wp-json\/wp\/v2\/categories?post=3596"},{"taxonomy":"post_tag","embeddable":true,"href":"https:\/\/sionhegye.com\/wp\/wp-json\/wp\/v2\/tags?post=3596"}],"curies":[{"name":"wp","href":"https:\/\/api.w.org\/{rel}","templated":true}]}}