{"id":2369,"date":"2019-07-21T06:47:07","date_gmt":"2019-07-21T04:47:07","guid":{"rendered":"http:\/\/sionhegye.com\/wp\/?p=2369"},"modified":"2019-07-21T06:47:59","modified_gmt":"2019-07-21T04:47:59","slug":"2019-07-21-vasarnap","status":"publish","type":"post","link":"https:\/\/sionhegye.com\/wp\/2019-07-21-vasarnap\/","title":{"rendered":"2019.07.21. Vas\u00e1rnap"},"content":{"rendered":"<p><strong>1 P\u00e9ter 2:25<\/strong><br \/>\nMert olyanok voltatok, mint t\u00e9velyg\u0151 juhok, de most megt\u00e9rtetek lelketek p\u00e1sztor\u00e1hoz \u00e9s felvigy\u00e1z\u00f3j\u00e1hoz.<br \/>\n(\u00daj ford\u00edt\u00e1s\u00fa K\u00e1roli)<\/p>\n<p><strong>1953. 04. 05. h \u2013 Menj, mondd meg a tan\u00edtv\u00e1nyaimnak<\/strong><br \/>\nM\u00e1ria Magdal\u00e9na m\u00e1r ismerte az \u0150 erej\u00e9t. Tudta, hogy van Benne valami, ami k\u00fcl\u00f6nb\u00f6z\u00f6tt b\u00e1rki m\u00e1st\u00f3l. H\u00e9t \u00f6rd\u00f6g\u00f6t \u0171z\u00f6tt ki bel\u0151le.<br \/>\nMindenki, aki valaha is megszabadult a gonoszt\u00f3l J\u00e9zus Krisztus ereje \u00e1ltal tudja, hogy hol \u00e1ll. Senki nincs, aki az \u0150 nagy isteni jelenl\u00e9t\u00e9be j\u00f6nne \u00e9s ugyanaz az ember maradna azut\u00e1n. Te megv\u00e1ltozol. Valami t\u00f6rt\u00e9nik veled. \u00d3, tarthatsz t\u00e1vols\u00e1got, \u00e9s pszichol\u00f3gia \u00e9s elk\u00e9pzeled <em>ezt <\/em>\u00e9s elfogadod <em>azt<\/em>, egy bizonyos dolgot \u00e9s valami elm\u00e9letet vagy valami olyasmit. De mi nem hisz\u00fcnk a teol\u00f3gi\u00e1ban. Mi J\u00e9zus Krisztus felt\u00e1mad\u00e1s\u00e1nak erej\u00e9ben hisz\u00fcnk. \u00c9s amikor az \u0150 jelenl\u00e9t\u00e9be j\u00f6ssz, valami t\u00f6rt\u00e9nik az \u00e9letedben, ami megv\u00e1ltoztat t\u00e9ged. \u00c9s soha t\u00f6bb\u00e9 nem leszel ugyanaz. Egy ember, aki volt Krisztus jelenl\u00e9t\u00e9ben.<\/p>\n","protected":false},"excerpt":{"rendered":"<p>1 P\u00e9ter 2:25 Mert olyanok voltatok, mint t\u00e9velyg\u0151 juhok, de most megt\u00e9rtetek lelketek p\u00e1sztor\u00e1hoz \u00e9s felvigy\u00e1z\u00f3j\u00e1hoz. (\u00daj ford\u00edt\u00e1s\u00fa K\u00e1roli) 1953. 04. 05. h \u2013 Menj, mondd meg a tan\u00edtv\u00e1nyaimnak M\u00e1ria&#8230; <a href=\"https:\/\/sionhegye.com\/wp\/2019-07-21-vasarnap\/\">Read more &raquo;<\/a><\/p>\n","protected":false},"author":1,"featured_media":0,"comment_status":"open","ping_status":"closed","sticky":false,"template":"","format":"standard","meta":[],"categories":[331],"tags":[],"_links":{"self":[{"href":"https:\/\/sionhegye.com\/wp\/wp-json\/wp\/v2\/posts\/2369"}],"collection":[{"href":"https:\/\/sionhegye.com\/wp\/wp-json\/wp\/v2\/posts"}],"about":[{"href":"https:\/\/sionhegye.com\/wp\/wp-json\/wp\/v2\/types\/post"}],"author":[{"embeddable":true,"href":"https:\/\/sionhegye.com\/wp\/wp-json\/wp\/v2\/users\/1"}],"replies":[{"embeddable":true,"href":"https:\/\/sionhegye.com\/wp\/wp-json\/wp\/v2\/comments?post=2369"}],"version-history":[{"count":2,"href":"https:\/\/sionhegye.com\/wp\/wp-json\/wp\/v2\/posts\/2369\/revisions"}],"predecessor-version":[{"id":2373,"href":"https:\/\/sionhegye.com\/wp\/wp-json\/wp\/v2\/posts\/2369\/revisions\/2373"}],"wp:attachment":[{"href":"https:\/\/sionhegye.com\/wp\/wp-json\/wp\/v2\/media?parent=2369"}],"wp:term":[{"taxonomy":"category","embeddable":true,"href":"https:\/\/sionhegye.com\/wp\/wp-json\/wp\/v2\/categories?post=2369"},{"taxonomy":"post_tag","embeddable":true,"href":"https:\/\/sionhegye.com\/wp\/wp-json\/wp\/v2\/tags?post=2369"}],"curies":[{"name":"wp","href":"https:\/\/api.w.org\/{rel}","templated":true}]}}